{"id":3204,"date":"2020-08-11T18:36:49","date_gmt":"2020-08-11T16:36:49","guid":{"rendered":"https:\/\/www.sv-evenkamp.de\/?p=3204"},"modified":"2020-08-11T18:36:49","modified_gmt":"2020-08-11T16:36:49","slug":"nachlese-stadtmeisterschaft-2-2-2-2-2-2-2-2-2","status":"publish","type":"post","link":"https:\/\/www.sv-evenkamp.de\/?p=3204","title":{"rendered":"Nachwuchs trainiert wie die Gro\u00dfen"},"content":{"rendered":"<p><strong><span style=\"font-size: 12.0pt; font-family: 'Times New Roman',serif;\">Fu\u00dfba<\/span><span style=\"font-size: 12.0pt; font-family: 'Times New Roman',serif;\"><a href=\"https:\/\/www.sv-evenkamp.de\/wp-content\/uploads\/2020\/08\/JSG.jpg\"><img loading=\"lazy\" decoding=\"async\" class=\"alignleft wp-image-3203\" src=\"https:\/\/www.sv-evenkamp.de\/wp-content\/uploads\/2020\/08\/JSG-300x287.jpg\" alt=\"\" width=\"253\" height=\"242\" srcset=\"https:\/\/www.sv-evenkamp.de\/wp-content\/uploads\/2020\/08\/JSG-300x287.jpg 300w, https:\/\/www.sv-evenkamp.de\/wp-content\/uploads\/2020\/08\/JSG.jpg 411w\" sizes=\"auto, (max-width: 253px) 100vw, 253px\" \/><\/a><\/span><\/strong><span style=\"font-size: 12.0pt; font-family: 'Times New Roman',serif;\"><strong>llcamp bei der\u00a0die JSG Hasetal-Mitte: 71 Kinder trainieren drei Tage lang in Winkum.\u00a0<\/strong> <\/span><\/p>\n<p><span style=\"font-size: 12.0pt; font-family: 'Times New Roman',serif;\">\u00dcber den Besuch der &#8222;Fu\u00dfballfabrik&#8220; des ehemaligen Profifu\u00dfballers Ingo Anderbr\u00fcgge freute sich j\u00fcngst die JSG Hasetal-Mitte in Winkum. Durch die Unterst\u00fctzung von Sponsoren konnten insgesamt 71 Fu\u00dfballerinnen und Fu\u00dfballer im Alter von f\u00fcnf bis 15 Jahren drei Tage lang unter Profibedingungen trainieren. &#8222;Wir waren von der Vielzahl an Anmeldungen \u00fcberw\u00e4ltigt&#8220;, berichtete Thomas Willen, Jugendobmann des SV Evenkamp.<\/span><\/p>\n<p><span style=\"font-size: 12.0pt; font-family: 'Times New Roman',serif;\">Nach einem gemeinsamen Warm-Up starteten die altersspezifisch eingeteilten Gruppen in ihre t\u00e4glichen Trainingseinheiten. Beim Dribbling, Elfmeterschie\u00dfen und Geschwindigkeitsschie\u00dfen wurden der oder die Beste in ihren Reihen ermittelt.<\/span><\/p>\n<p><span style=\"font-size: 12.0pt; font-family: 'Times New Roman',serif;\">Neben dem professionellen Training standen Workshops zu verschiedenen Themen wie Wertevermittlung, Selbstst\u00e4ndigkeit, gesunde Ern\u00e4hrung und Hygiene auf dem t\u00e4glichen Plan der Kinder. Der ehemalige Fu\u00dfballprofi und Campleiter J\u00f6rg Lipinski erl\u00e4uterte die Herangehensweise des Fu\u00dfballcamps: &#8222;Wir machen keine Profis, sondern wir bereiten auf das Leben vor.&#8220; &#8222;Wir hatten durchweg positives Feedback zur Durchf\u00fchrung des Camps&#8220;, berichtete der Winkumer Jugendobmann Marco Plawecki. Die Trainer und Betreuer der JSG wurden von der &#8222;Fu\u00dfballfabrik&#8220; aktiv dazu aufgerufen, w\u00e4hrend der Einheiten zu hospitieren, sich Anregungen zu holen. Jederzeit konnten individuelle Fragen an das Trainerteam gestellt werden. Frank Gr\u00fcnloh und Johannes Meyer, Jugendobm\u00e4nner des FC Wachtum, zeigten sich \u00fcberzeugt, dass alle Kinder Spa\u00df am Camp hatten. 2021 k\u00f6nnte es daher eine Neuauflage des Camps geben.<\/span><\/p>\n","protected":false},"excerpt":{"rendered":"<p>Fu\u00dfballcamp bei der\u00a0die JSG Hasetal-Mitte: 71 Kinder trainieren drei Tage lang in Winkum.\u00a0 \u00dcber den Besuch der &#8222;Fu\u00dfballfabrik&#8220; des ehemaligen Profifu\u00dfballers Ingo Anderbr\u00fcgge freute sich j\u00fcngst die JSG Hasetal-Mitte in Winkum. Durch die Unterst\u00fctzung von Sponsoren konnten insgesamt 71 Fu\u00dfballerinnen und Fu\u00dfballer im Alter von f\u00fcnf bis 15 Jahren drei Tage lang unter Profibedingungen trainieren.Continue reading &rarr;<\/p>\n","protected":false},"author":1,"featured_media":0,"comment_status":"closed","ping_status":"open","sticky":false,"template":"","format":"standard","meta":{"footnotes":""},"categories":[1],"tags":[],"class_list":["post-3204","post","type-post","status-publish","format-standard","hentry","category-allgemein","no-thumb"],"_links":{"self":[{"href":"https:\/\/www.sv-evenkamp.de\/index.php?rest_route=\/wp\/v2\/posts\/3204","targetHints":{"allow":["GET"]}}],"collection":[{"href":"https:\/\/www.sv-evenkamp.de\/index.php?rest_route=\/wp\/v2\/posts"}],"about":[{"href":"https:\/\/www.sv-evenkamp.de\/index.php?rest_route=\/wp\/v2\/types\/post"}],"author":[{"embeddable":true,"href":"https:\/\/www.sv-evenkamp.de\/index.php?rest_route=\/wp\/v2\/users\/1"}],"replies":[{"embeddable":true,"href":"https:\/\/www.sv-evenkamp.de\/index.php?rest_route=%2Fwp%2Fv2%2Fcomments&post=3204"}],"version-history":[{"count":1,"href":"https:\/\/www.sv-evenkamp.de\/index.php?rest_route=\/wp\/v2\/posts\/3204\/revisions"}],"predecessor-version":[{"id":3205,"href":"https:\/\/www.sv-evenkamp.de\/index.php?rest_route=\/wp\/v2\/posts\/3204\/revisions\/3205"}],"wp:attachment":[{"href":"https:\/\/www.sv-evenkamp.de\/index.php?rest_route=%2Fwp%2Fv2%2Fmedia&parent=3204"}],"wp:term":[{"taxonomy":"category","embeddable":true,"href":"https:\/\/www.sv-evenkamp.de\/index.php?rest_route=%2Fwp%2Fv2%2Fcategories&post=3204"},{"taxonomy":"post_tag","embeddable":true,"href":"https:\/\/www.sv-evenkamp.de\/index.php?rest_route=%2Fwp%2Fv2%2Ftags&post=3204"}],"curies":[{"name":"wp","href":"https:\/\/api.w.org\/{rel}","templated":true}]}}